{"id":8870,"date":"2026-08-29T19:31:05","date_gmt":"2026-08-29T17:31:05","guid":{"rendered":"https:\/\/crapahu.fr\/?p=8870"},"modified":"2026-08-31T19:34:15","modified_gmt":"2026-08-31T17:34:15","slug":"infos-amies-cd91","status":"publish","type":"post","link":"https:\/\/crapahu.fr\/?p=8870","title":{"rendered":"Infos Amies : CD91"},"content":{"rendered":"\n<p class=\"wp-block-paragraph\">Bonjour \u00e0 toutes et \u00e0 tous,&nbsp;<\/p>\n\n\n\n<p class=\"wp-block-paragraph\">La 18\u00e8me \u00e9dition de notre Rando Challenge d\u00e9partemental aura lieu&nbsp;le&nbsp;dimanche 20 septembre \u00e0&nbsp;LEMEREVILLOIS, bien connu pour son Domaine d\u00e9partemental, ses Halles, sa Colonne Trajane, son lavoir, ses cressonni\u00e8res&#8230;+ quelques surprises \u00e0 d\u00e9couvrir sur site.<\/p>\n\n\n\n<p class=\"wp-block-paragraph\">Vous trouverez ci-joint&nbsp;le&nbsp;flyer de l&#8217;\u00e9v\u00e8nement pour une diffusion lors des forums des associations, de pr\u00e9f\u00e9rence par mail, aux randonneurs int\u00e9ress\u00e9s, sachant qu&#8217;il a \u00e9t\u00e9 d\u00e9j\u00e0 envoy\u00e9 \u00e0 tous les licenci\u00e9s.<\/p>\n\n\n\n<p class=\"wp-block-paragraph\">Pour plus d&#8217;informations et inscriptions, consulter&nbsp;<a href=\"http:\/\/rando91.com\/\" target=\"_blank\" rel=\"noreferrer noopener\">rando91.com<\/a><\/p>\n\n\n\n<p class=\"wp-block-paragraph\">Bonne reprise,<\/p>\n\n\n\n<p class=\"wp-block-paragraph\">Amicalement,&nbsp;<\/p>\n\n\n\n<p class=\"wp-block-paragraph\">J-Paul Veyre<strong>Comit\u00e9 D\u00e9partemental de la Randonn\u00e9e P\u00e9destre de l&#8217;Essonne<\/strong><\/p>\n\n\n\n<p class=\"wp-block-paragraph\">&nbsp;Maison D\u00e9partementale des Comit\u00e9s Sportifs&nbsp;<a href=\"https:\/\/www.google.com\/maps\/search\/62+bis+bd+Charles+De+Gaulle%C2%A0+%C2%A091540%C2%A0+MENNECY?entry=gmail&amp;source=g\">62 bis bd Charles De Gaulle&nbsp;<\/a><a href=\"https:\/\/www.google.com\/maps\/search\/62+bis+bd+Charles+De+Gaulle%C2%A0+%C2%A091540%C2%A0+MENNECY?entry=gmail&amp;source=g\">&nbsp;91540&nbsp; MENNECY<\/a><\/p>\n\n\n\n<p class=\"wp-block-paragraph\">T\u00e9l. : 06.41.90.57.48&nbsp;&#8211;&nbsp;permanence le mercredi -Site internet&nbsp;:&nbsp;<a href=\"http:\/\/www.rando91.com\/\" target=\"_blank\" rel=\"noreferrer noopener\">www.rando91.com<\/a><\/p>\n\n\n\n<p class=\"wp-block-paragraph\">Raisonnez environnement.<br><strong><\/strong><strong>N&#8217;imprimez ce mail que si c&#8217;est vraiment n\u00e9cessaire.<\/strong><\/p>\n\n\n\n<div data-wp-interactive=\"core\/file\" class=\"wp-block-file\"><object data-wp-bind--hidden=\"!state.hasPdfPreview\" hidden class=\"wp-block-file__embed\" data=\"https:\/\/crapahu.fr\/wp-content\/uploads\/2026\/08\/Flyer-RandoChallenge91-2026-v2.pdf\" type=\"application\/pdf\" style=\"width:100%;height:600px\" aria-label=\"Contenu embarqu\u00e9 Flyer-RandoChallenge91-2026-v2.\"><\/object><a id=\"wp-block-file--media-6e015ad8-8ec8-46ce-ac99-c1fc378559ab\" href=\"https:\/\/crapahu.fr\/wp-content\/uploads\/2026\/08\/Flyer-RandoChallenge91-2026-v2.pdf\">Flyer-RandoChallenge91-2026-v2<\/a><a href=\"https:\/\/crapahu.fr\/wp-content\/uploads\/2026\/08\/Flyer-RandoChallenge91-2026-v2.pdf\" class=\"wp-block-file__button wp-element-button\" download aria-describedby=\"wp-block-file--media-6e015ad8-8ec8-46ce-ac99-c1fc378559ab\">T\u00e9l\u00e9charger<\/a><\/div>\n","protected":false},"excerpt":{"rendered":"<p>Bonjour \u00e0 toutes et \u00e0 tous,&nbsp; La 18\u00e8me \u00e9dition de notre Rando Challenge d\u00e9partemental aura lieu&nbsp;le&nbsp;dimanche 20 septembre \u00e0&nbsp;LEMEREVILLOIS, bien connu pour son Domaine d\u00e9partemental, ses Halles, sa Colonne Trajane,&hellip;<\/p>\n","protected":false},"author":414,"featured_media":8873,"comment_status":"open","ping_status":"open","sticky":false,"template":"","format":"standard","meta":{"footnotes":""},"categories":[42],"tags":[],"class_list":["post-8870","post","type-post","status-publish","format-standard","has-post-thumbnail","hentry","category-infos-amies"],"_links":{"self":[{"href":"https:\/\/crapahu.fr\/index.php?rest_route=\/wp\/v2\/posts\/8870","targetHints":{"allow":["GET"]}}],"collection":[{"href":"https:\/\/crapahu.fr\/index.php?rest_route=\/wp\/v2\/posts"}],"about":[{"href":"https:\/\/crapahu.fr\/index.php?rest_route=\/wp\/v2\/types\/post"}],"author":[{"embeddable":true,"href":"https:\/\/crapahu.fr\/index.php?rest_route=\/wp\/v2\/users\/414"}],"replies":[{"embeddable":true,"href":"https:\/\/crapahu.fr\/index.php?rest_route=%2Fwp%2Fv2%2Fcomments&post=8870"}],"version-history":[{"count":2,"href":"https:\/\/crapahu.fr\/index.php?rest_route=\/wp\/v2\/posts\/8870\/revisions"}],"predecessor-version":[{"id":8874,"href":"https:\/\/crapahu.fr\/index.php?rest_route=\/wp\/v2\/posts\/8870\/revisions\/8874"}],"wp:featuredmedia":[{"embeddable":true,"href":"https:\/\/crapahu.fr\/index.php?rest_route=\/wp\/v2\/media\/8873"}],"wp:attachment":[{"href":"https:\/\/crapahu.fr\/index.php?rest_route=%2Fwp%2Fv2%2Fmedia&parent=8870"}],"wp:term":[{"taxonomy":"category","embeddable":true,"href":"https:\/\/crapahu.fr\/index.php?rest_route=%2Fwp%2Fv2%2Fcategories&post=8870"},{"taxonomy":"post_tag","embeddable":true,"href":"https:\/\/crapahu.fr\/index.php?rest_route=%2Fwp%2Fv2%2Ftags&post=8870"}],"curies":[{"name":"wp","href":"https:\/\/api.w.org\/{rel}","templated":true}]}}