{"id":8868,"date":"2026-08-31T19:05:15","date_gmt":"2026-08-31T17:05:15","guid":{"rendered":"https:\/\/crapahu.fr\/?p=8868"},"modified":"2026-08-31T19:05:16","modified_gmt":"2026-08-31T17:05:16","slug":"news-randonnee-du-dimanche-06-septembre","status":"publish","type":"post","link":"https:\/\/crapahu.fr\/?p=8868","title":{"rendered":"News : Randonn\u00e9e du dimanche 06 septembre"},"content":{"rendered":"\n<p class=\"wp-block-paragraph\">Bonjour \u00e0 toutes et tous,<\/p>\n\n\n\n<p class=\"wp-block-paragraph\">Pour cette premi\u00e8re rando de la saison 2026-2027,&nbsp;<strong>dimanche prochain (06\/09\/2026) apr\u00e8s-midi, je vous propose un circuit dans les bois de Rochefort<\/strong>.<\/p>\n\n\n\n<p class=\"wp-block-paragraph\"><strong>C\u2019est un parcours assez facile de 7 km&nbsp;avec un peu de d\u00e9nivel\u00e9&nbsp;<\/strong>(cumul\u00e9 +\/- 128 m).<\/p>\n\n\n\n<p class=\"wp-block-paragraph\">C\u00f4t\u00e9 m\u00e9t\u00e9o, vu d\u2019aujourd\u2019hui, nous devrions avoir beau temps (22\u00b0C) selon M\u00e9t\u00e9o France.<\/p>\n\n\n\n<p class=\"wp-block-paragraph\">Ci-joint le trac\u00e9 (pdf et gpx).<\/p>\n\n\n\n<p class=\"wp-block-paragraph\"><strong>Rendez-vous donc&nbsp;dimanche 6 septembre \u00e0 13h30 \u00e0 La Sc\u00e8ne \u00e0 Limours<\/strong><\/p>\n\n\n\n<p class=\"wp-block-paragraph\">Crapahutement v\u00f4tre<\/p>\n\n\n\n<p class=\"wp-block-paragraph\"><em>Bernard MORIN<u><\/u><u><\/u><\/em><\/p>\n\n\n\n<p class=\"wp-block-paragraph\"><em>Mobile&nbsp;: 06 81 28 83 17<u><\/u><u><\/u><\/em><\/p>\n\n\n\n<p class=\"wp-block-paragraph\"><em>Courriel&nbsp;:&nbsp;<\/em><em><a rel=\"noreferrer noopener\" target=\"_blank\" href=\"mailto:bernard_morin@laposte.net\">bernard_morin@laposte.net<\/a><\/em><\/p>\n\n\n\n<p class=\"wp-block-paragraph\"><strong>PS : pensez \u00e0 vous inscrire pour ceux qui ne l&#8217;ont pas fait : FORUM TRI ASSO LIMOURS ce 5 septembre 2026 de 9h30 \u00e0&nbsp; 15h30 \u00e0 la Halle des sports de Limours<\/strong><\/p>\n\n\n\n<p class=\"wp-block-paragraph\"><strong>V\u00e9ronique<\/strong><\/p>\n","protected":false},"excerpt":{"rendered":"<p>Bonjour \u00e0 toutes et tous, Pour cette premi\u00e8re rando de la saison 2026-2027,&nbsp;dimanche prochain (06\/09\/2026) apr\u00e8s-midi, je vous propose un circuit dans les bois de Rochefort. C\u2019est un parcours assez&hellip;<\/p>\n","protected":false},"author":414,"featured_media":7555,"comment_status":"open","ping_status":"open","sticky":false,"template":"","format":"standard","meta":{"footnotes":""},"categories":[9],"tags":[],"class_list":["post-8868","post","type-post","status-publish","format-standard","has-post-thumbnail","hentry","category-news"],"_links":{"self":[{"href":"https:\/\/crapahu.fr\/index.php?rest_route=\/wp\/v2\/posts\/8868","targetHints":{"allow":["GET"]}}],"collection":[{"href":"https:\/\/crapahu.fr\/index.php?rest_route=\/wp\/v2\/posts"}],"about":[{"href":"https:\/\/crapahu.fr\/index.php?rest_route=\/wp\/v2\/types\/post"}],"author":[{"embeddable":true,"href":"https:\/\/crapahu.fr\/index.php?rest_route=\/wp\/v2\/users\/414"}],"replies":[{"embeddable":true,"href":"https:\/\/crapahu.fr\/index.php?rest_route=%2Fwp%2Fv2%2Fcomments&post=8868"}],"version-history":[{"count":1,"href":"https:\/\/crapahu.fr\/index.php?rest_route=\/wp\/v2\/posts\/8868\/revisions"}],"predecessor-version":[{"id":8869,"href":"https:\/\/crapahu.fr\/index.php?rest_route=\/wp\/v2\/posts\/8868\/revisions\/8869"}],"wp:featuredmedia":[{"embeddable":true,"href":"https:\/\/crapahu.fr\/index.php?rest_route=\/wp\/v2\/media\/7555"}],"wp:attachment":[{"href":"https:\/\/crapahu.fr\/index.php?rest_route=%2Fwp%2Fv2%2Fmedia&parent=8868"}],"wp:term":[{"taxonomy":"category","embeddable":true,"href":"https:\/\/crapahu.fr\/index.php?rest_route=%2Fwp%2Fv2%2Fcategories&post=8868"},{"taxonomy":"post_tag","embeddable":true,"href":"https:\/\/crapahu.fr\/index.php?rest_route=%2Fwp%2Fv2%2Ftags&post=8868"}],"curies":[{"name":"wp","href":"https:\/\/api.w.org\/{rel}","templated":true}]}}