{"id":8833,"date":"2026-08-30T23:40:50","date_gmt":"2026-08-30T21:40:50","guid":{"rendered":"https:\/\/crapahu.fr\/?p=8833"},"modified":"2026-08-30T23:40:51","modified_gmt":"2026-08-30T21:40:51","slug":"news-randonnees-estivale-du-mardi-01-septembre","status":"publish","type":"post","link":"https:\/\/crapahu.fr\/?p=8833","title":{"rendered":"News : Randonn\u00e9es Estivale du mardi 01 septembre"},"content":{"rendered":"\n<p class=\"has-medium-font-size wp-block-paragraph\">Bonjour \u00e0 toutes et tous,<\/p>\n\n\n\n<p class=\"has-medium-font-size wp-block-paragraph\">Pour cette derni\u00e8re rando estivale du mardi 1er septembre je vous propose un parcours dans le Bois de Baville.&nbsp;<\/p>\n\n\n\n<p class=\"has-medium-font-size wp-block-paragraph\">C&#8217;est une rando plus courte que d&#8217;habitude car elle fait 7,7 kms mais avec tout de m\u00eame un d\u00e9nivel\u00e9 positif de 219 m.&nbsp;<\/p>\n\n\n\n<p class=\"has-medium-font-size wp-block-paragraph\">Nous en profiterons pour visiter (ou revisiter) la magnifique \u00e9glise de Saint Sulpice de Favi\u00e8res.<\/p>\n\n\n\n<p class=\"has-medium-font-size wp-block-paragraph\">Ci-joint le trac\u00e9 gpx et pdf. Je vous envoie \u00e9galement le lien du trajet entre Limours et l&#8217;\u00e9glise de St Yon qui sera le point de d\u00e9part de la randonn\u00e9e au cas o\u00f9 on se perdrait en cours de route&nbsp;\ud83d\ude09&nbsp;:<\/p>\n\n\n\n<p class=\"has-medium-font-size wp-block-paragraph\"><a href=\"https:\/\/maps.app.goo.gl\/9PhYhhxg93NkCJjN9\">https:\/\/maps.app.goo.gl\/9PhYhhxg93NkCJjN9<\/a><\/p>\n\n\n\n<p class=\"has-medium-font-size wp-block-paragraph\">Nous devrions avoir de belles \u00e9claircies avec une temp\u00e9rature de 17\u00b0C et tr\u00e8s peu de vent selon M\u00e9t\u00e9o France.<\/p>\n\n\n\n<p class=\"has-medium-font-size wp-block-paragraph\"><strong>Je vous donne donc rendez-vous le mardi 1er septembre \u00e0 8h30 \u00e0 La Sc\u00e8ne \u00e0 Limours.<\/strong><\/p>\n\n\n\n<p class=\"has-medium-font-size wp-block-paragraph\">Bon d\u00e9but de semaine,&nbsp;<\/p>\n\n\n\n<p class=\"has-medium-font-size wp-block-paragraph\">Val\u00e9rie Bictel<\/p>\n\n\n\n<div data-wp-interactive=\"core\/file\" class=\"wp-block-file\"><object data-wp-bind--hidden=\"!state.hasPdfPreview\" hidden class=\"wp-block-file__embed\" data=\"https:\/\/crapahu.fr\/wp-content\/uploads\/2026\/08\/PDF-Bois-de-Baville.pdf\" type=\"application\/pdf\" style=\"width:100%;height:600px\" aria-label=\"Contenu embarqu\u00e9 PDF-Bois de Baville.\"><\/object><a id=\"wp-block-file--media-4ea2d446-afb9-4797-bea4-69fb9f9ed8ba\" href=\"https:\/\/crapahu.fr\/wp-content\/uploads\/2026\/08\/PDF-Bois-de-Baville.pdf\">PDF-Bois de Baville<\/a><a href=\"https:\/\/crapahu.fr\/wp-content\/uploads\/2026\/08\/PDF-Bois-de-Baville.pdf\" class=\"wp-block-file__button wp-element-button\" download aria-describedby=\"wp-block-file--media-4ea2d446-afb9-4797-bea4-69fb9f9ed8ba\">T\u00e9l\u00e9charger<\/a><\/div>\n\n\n\n<div class=\"wp-block-file\"><a id=\"wp-block-file--media-dd8068e9-7e6b-4a78-91a5-066f88975721\" href=\"https:\/\/crapahu.fr\/wp-content\/uploads\/2026\/08\/GPX-Bois-de-Baville.gpx\">GPX-Bois de Baville<\/a><a href=\"https:\/\/crapahu.fr\/wp-content\/uploads\/2026\/08\/GPX-Bois-de-Baville.gpx\" class=\"wp-block-file__button wp-element-button\" download aria-describedby=\"wp-block-file--media-dd8068e9-7e6b-4a78-91a5-066f88975721\">T\u00e9l\u00e9charger<\/a><\/div>\n\n\n\n<p class=\"wp-block-paragraph\"><\/p>\n","protected":false},"excerpt":{"rendered":"<p>Bonjour \u00e0 toutes et tous, Pour cette derni\u00e8re rando estivale du mardi 1er septembre je vous propose un parcours dans le Bois de Baville.&nbsp; C&#8217;est une rando plus courte que&hellip;<\/p>\n","protected":false},"author":414,"featured_media":5851,"comment_status":"open","ping_status":"open","sticky":false,"template":"","format":"standard","meta":{"footnotes":""},"categories":[9],"tags":[],"class_list":["post-8833","post","type-post","status-publish","format-standard","has-post-thumbnail","hentry","category-news"],"_links":{"self":[{"href":"https:\/\/crapahu.fr\/index.php?rest_route=\/wp\/v2\/posts\/8833","targetHints":{"allow":["GET"]}}],"collection":[{"href":"https:\/\/crapahu.fr\/index.php?rest_route=\/wp\/v2\/posts"}],"about":[{"href":"https:\/\/crapahu.fr\/index.php?rest_route=\/wp\/v2\/types\/post"}],"author":[{"embeddable":true,"href":"https:\/\/crapahu.fr\/index.php?rest_route=\/wp\/v2\/users\/414"}],"replies":[{"embeddable":true,"href":"https:\/\/crapahu.fr\/index.php?rest_route=%2Fwp%2Fv2%2Fcomments&post=8833"}],"version-history":[{"count":1,"href":"https:\/\/crapahu.fr\/index.php?rest_route=\/wp\/v2\/posts\/8833\/revisions"}],"predecessor-version":[{"id":8836,"href":"https:\/\/crapahu.fr\/index.php?rest_route=\/wp\/v2\/posts\/8833\/revisions\/8836"}],"wp:featuredmedia":[{"embeddable":true,"href":"https:\/\/crapahu.fr\/index.php?rest_route=\/wp\/v2\/media\/5851"}],"wp:attachment":[{"href":"https:\/\/crapahu.fr\/index.php?rest_route=%2Fwp%2Fv2%2Fmedia&parent=8833"}],"wp:term":[{"taxonomy":"category","embeddable":true,"href":"https:\/\/crapahu.fr\/index.php?rest_route=%2Fwp%2Fv2%2Fcategories&post=8833"},{"taxonomy":"post_tag","embeddable":true,"href":"https:\/\/crapahu.fr\/index.php?rest_route=%2Fwp%2Fv2%2Ftags&post=8833"}],"curies":[{"name":"wp","href":"https:\/\/api.w.org\/{rel}","templated":true}]}}